{"id":3145,"date":"2021-06-16T11:06:39","date_gmt":"2021-06-16T10:06:39","guid":{"rendered":"https:\/\/rvbl.dk\/?p=3145"},"modified":"2021-06-16T11:06:39","modified_gmt":"2021-06-16T10:06:39","slug":"projektrevision-udbedring-af-moellems-skallegrav","status":"publish","type":"post","link":"https:\/\/rvbl.dk\/?p=3145","title":{"rendered":"PROJEKTREVISION: UDBEDRING  af M\u00f8llems Skallegrav."},"content":{"rendered":"\n<figure class=\"wp-block-image size-large\"><img loading=\"lazy\" decoding=\"async\" width=\"1024\" height=\"768\" src=\"https:\/\/rvbl.dk\/wp-content\/uploads\/skallegrav-1024x768.jpg\" alt=\"\" class=\"wp-image-3146\" srcset=\"https:\/\/rvbl.dk\/wp-content\/uploads\/skallegrav-1024x768.jpg 1024w, https:\/\/rvbl.dk\/wp-content\/uploads\/skallegrav-300x225.jpg 300w, https:\/\/rvbl.dk\/wp-content\/uploads\/skallegrav-768x576.jpg 768w, https:\/\/rvbl.dk\/wp-content\/uploads\/skallegrav.jpg 1385w\" sizes=\"auto, (max-width: 1024px) 100vw, 1024px\" \/><\/figure>\n\n\n\n<p>Ved de indledende arbejder p\u00e5 fundamentet og udbedring af skallegraven er det blevet klart, at gravens v\u00e6gge, der er jordsatte kampesten og kv\u00e6rnd\u00e6kkets bj\u00e6lkelag, der b\u00e6rer den 2 tons tunge skallekv\u00e6rn, er s\u00e5 nedbrudt og ustabil, at det ikke vil v\u00e6re forsvarligt at lade mureren arbejde nede i k\u00e6ldergraven.<\/p>\n\n\n\n<p>M\u00f8lleudvalget traf derfor den n\u00f8dvendige beslutning at l\u00f8fte skallekv\u00e6rnen op, s\u00e5 graven kan restaureres til tilstanden, som var ved etableringen i 1842. Skallekv\u00e6rnens formentligt originale egekarm og kv\u00e6rnb\u00e6rende d\u00e6k kan herefter enklere udbedres st\u00e5ende p\u00e5 terr\u00e6net.<\/p>\n\n\n\n<p>Tilstanden af det kv\u00e6rnb\u00e6rende d\u00e6k er s\u00e5 ringe, at det er n\u00f8dvendigt at udf\u00f8re et nyt d\u00e6k, som kopi af det gamle. Kv\u00e6rnens egekarm, der har overkant i gulvh\u00f8jde, kan restaureres uden at tilf\u00f8je nye materialer.<\/p>\n\n\n\n<p>Hele skallekv\u00e6rnsanl\u00e6gget bliver l\u00f8ftet ned p\u00e5 plads, inden m\u00f8llekorpus l\u00f8ftes tilbage p\u00e5 fundamentet.<\/p>\n\n\n\n<p>Einar Olsen, M\u00f8lleudvalgets formand<\/p>\n\n\n\n<p><\/p>\n","protected":false},"excerpt":{"rendered":"<p>Ved de indledende arbejder p\u00e5 fundamentet og udbedring af skallegraven er det blevet klart, at gravens v\u00e6gge, der er jordsatte kampesten og kv\u00e6rnd\u00e6kkets bj\u00e6lkelag, der b\u00e6rer den 2 tons tunge skallekv\u00e6rn, er s\u00e5 nedbrudt og ustabil, at det ikke vil v\u00e6re forsvarligt at lade mureren arbejde nede i k\u00e6ldergraven. M\u00f8lleudvalget traf derfor den n\u00f8dvendige beslutning &hellip; <a href=\"https:\/\/rvbl.dk\/?p=3145\" class=\"more-link\">L\u00e6s videre <span class=\"screen-reader-text\">PROJEKTREVISION: UDBEDRING  af M\u00f8llems Skallegrav.<\/span> <span class=\"meta-nav\">&rarr;<\/span><\/a><\/p>\n","protected":false},"author":1,"featured_media":0,"comment_status":"closed","ping_status":"","sticky":false,"template":"","format":"standard","meta":{"footnotes":""},"categories":[19],"tags":[],"class_list":["post-3145","post","type-post","status-publish","format-standard","hentry","category-oevrige"],"_links":{"self":[{"href":"https:\/\/rvbl.dk\/index.php?rest_route=\/wp\/v2\/posts\/3145","targetHints":{"allow":["GET"]}}],"collection":[{"href":"https:\/\/rvbl.dk\/index.php?rest_route=\/wp\/v2\/posts"}],"about":[{"href":"https:\/\/rvbl.dk\/index.php?rest_route=\/wp\/v2\/types\/post"}],"author":[{"embeddable":true,"href":"https:\/\/rvbl.dk\/index.php?rest_route=\/wp\/v2\/users\/1"}],"replies":[{"embeddable":true,"href":"https:\/\/rvbl.dk\/index.php?rest_route=%2Fwp%2Fv2%2Fcomments&post=3145"}],"version-history":[{"count":1,"href":"https:\/\/rvbl.dk\/index.php?rest_route=\/wp\/v2\/posts\/3145\/revisions"}],"predecessor-version":[{"id":3147,"href":"https:\/\/rvbl.dk\/index.php?rest_route=\/wp\/v2\/posts\/3145\/revisions\/3147"}],"wp:attachment":[{"href":"https:\/\/rvbl.dk\/index.php?rest_route=%2Fwp%2Fv2%2Fmedia&parent=3145"}],"wp:term":[{"taxonomy":"category","embeddable":true,"href":"https:\/\/rvbl.dk\/index.php?rest_route=%2Fwp%2Fv2%2Fcategories&post=3145"},{"taxonomy":"post_tag","embeddable":true,"href":"https:\/\/rvbl.dk\/index.php?rest_route=%2Fwp%2Fv2%2Ftags&post=3145"}],"curies":[{"name":"wp","href":"https:\/\/api.w.org\/{rel}","templated":true}]}}