{"id":3484,"date":"2021-12-07T15:13:08","date_gmt":"2021-12-07T14:13:08","guid":{"rendered":"https:\/\/rvbl.dk\/?p=3484"},"modified":"2021-12-07T17:39:49","modified_gmt":"2021-12-07T16:39:49","slug":"moellen-loeftet-paa-plads","status":"publish","type":"post","link":"https:\/\/rvbl.dk\/?p=3484","title":{"rendered":"M\u00f8llen l\u00f8ftet p\u00e5 Plads"},"content":{"rendered":"\n<figure class=\"wp-block-image size-large\"><img loading=\"lazy\" decoding=\"async\" width=\"942\" height=\"1024\" src=\"https:\/\/rvbl.dk\/wp-content\/uploads\/moellen-7.12.21-942x1024.jpg\" alt=\"\" class=\"wp-image-3489\" srcset=\"https:\/\/rvbl.dk\/wp-content\/uploads\/moellen-7.12.21-942x1024.jpg 942w, https:\/\/rvbl.dk\/wp-content\/uploads\/moellen-7.12.21-276x300.jpg 276w, https:\/\/rvbl.dk\/wp-content\/uploads\/moellen-7.12.21-768x835.jpg 768w, https:\/\/rvbl.dk\/wp-content\/uploads\/moellen-7.12.21.jpg 1331w\" sizes=\"auto, (max-width: 942px) 100vw, 942px\" \/><\/figure>\n\n\n\n<p>Alt gik godt med vejr, vind og teknik, da m\u00f8llekorpus i dag blev hejst tilbage p\u00e5 det nye fundment. Det var en m\u00e6rkedag i restaureringsforl\u00f8bet, men der er stadig et stykke vej til m\u00e5let.<\/p>\n\n\n\n<p>Foreningen takker fondene, der har st\u00f8ttet og muliggjort projektet.<\/p>\n\n\n\n<p>I dag bes\u00f8gte TV2 \u00d8st R\u00f8rvig M\u00f8lle, i forbindelse med at m\u00f8llekorpus blev hejst p\u00e5 plads.<\/p>\n\n\n\n<p>M\u00e5ske bliver det vist i TV2\u00d8sts udsendelse i aften <\/p>\n\n\n\n<p class=\"has-medium-font-size\">tirsdag d. 7. dec 21  kl. 19:30.<\/p>\n\n\n\n<p>Hilsen<br>M\u00f8lleudvalget<\/p>\n\n\n\n<p>Link til TV2\u00d8st reportage fra nettet<\/p>\n\n\n\n<p><a href=\"https:\/\/www.tv2east.dk\/odsherred\/historisk-moelle-var-i-fare-for-at-vaelte-nu-er-den-loeftet-paa-plads-igen\">https:\/\/www.tv2east.dk\/odsherred\/historisk-moelle-var-i-fare-for-at-vaelte-nu-er-den-loeftet-paa-plads-igen<\/a><\/p>\n\n\n\n<p>Sn-nyt var ogs\u00e5 tilstede, her linket til deres reportage<\/p>\n\n\n\n<p><a href=\"https:\/\/www.sn.dk\/odsherred-kommune\/der-kom-lige-en-moelle-flyvende\/\">https:\/\/www.sn.dk\/odsherred-kommune\/der-kom-lige-en-moelle-flyvende\/<\/a><\/p>\n\n\n\n<p>se evt. billeder p\u00e5<\/p>\n\n\n\n<p><a href=\"https:\/\/www.facebook.com\/groups\/1738403776453784\">https:\/\/www.facebook.com\/groups\/1738403776453784<\/a><\/p>\n","protected":false},"excerpt":{"rendered":"<p>Alt gik godt med vejr, vind og teknik, da m\u00f8llekorpus i dag blev hejst tilbage p\u00e5 det nye fundment. Det var en m\u00e6rkedag i restaureringsforl\u00f8bet, men der er stadig et stykke vej til m\u00e5let. Foreningen takker fondene, der har st\u00f8ttet og muliggjort projektet. I dag bes\u00f8gte TV2 \u00d8st R\u00f8rvig M\u00f8lle, i forbindelse med at m\u00f8llekorpus &hellip; <a href=\"https:\/\/rvbl.dk\/?p=3484\" class=\"more-link\">L\u00e6s videre <span class=\"screen-reader-text\">M\u00f8llen l\u00f8ftet p\u00e5 Plads<\/span> <span class=\"meta-nav\">&rarr;<\/span><\/a><\/p>\n","protected":false},"author":1,"featured_media":0,"comment_status":"closed","ping_status":"","sticky":false,"template":"","format":"standard","meta":{"footnotes":""},"categories":[19],"tags":[],"class_list":["post-3484","post","type-post","status-publish","format-standard","hentry","category-oevrige"],"_links":{"self":[{"href":"https:\/\/rvbl.dk\/index.php?rest_route=\/wp\/v2\/posts\/3484","targetHints":{"allow":["GET"]}}],"collection":[{"href":"https:\/\/rvbl.dk\/index.php?rest_route=\/wp\/v2\/posts"}],"about":[{"href":"https:\/\/rvbl.dk\/index.php?rest_route=\/wp\/v2\/types\/post"}],"author":[{"embeddable":true,"href":"https:\/\/rvbl.dk\/index.php?rest_route=\/wp\/v2\/users\/1"}],"replies":[{"embeddable":true,"href":"https:\/\/rvbl.dk\/index.php?rest_route=%2Fwp%2Fv2%2Fcomments&post=3484"}],"version-history":[{"count":6,"href":"https:\/\/rvbl.dk\/index.php?rest_route=\/wp\/v2\/posts\/3484\/revisions"}],"predecessor-version":[{"id":3494,"href":"https:\/\/rvbl.dk\/index.php?rest_route=\/wp\/v2\/posts\/3484\/revisions\/3494"}],"wp:attachment":[{"href":"https:\/\/rvbl.dk\/index.php?rest_route=%2Fwp%2Fv2%2Fmedia&parent=3484"}],"wp:term":[{"taxonomy":"category","embeddable":true,"href":"https:\/\/rvbl.dk\/index.php?rest_route=%2Fwp%2Fv2%2Fcategories&post=3484"},{"taxonomy":"post_tag","embeddable":true,"href":"https:\/\/rvbl.dk\/index.php?rest_route=%2Fwp%2Fv2%2Ftags&post=3484"}],"curies":[{"name":"wp","href":"https:\/\/api.w.org\/{rel}","templated":true}]}}