{"id":4280,"date":"2024-11-01T08:50:13","date_gmt":"2024-11-01T07:50:13","guid":{"rendered":"https:\/\/rvbl.dk\/?p=4280"},"modified":"2024-11-01T08:50:13","modified_gmt":"2024-11-01T07:50:13","slug":"borgermoede-om-roervig-bymidte","status":"publish","type":"post","link":"https:\/\/rvbl.dk\/?p=4280","title":{"rendered":"Borgerm\u00f8de om R\u00f8rvig Bymidte"},"content":{"rendered":"\n<p class=\"has-medium-font-size\">     <strong> S\u00f8ndag  17. november kl. 9.30 \u2013 13.00<\/strong><\/p>\n\n\n\n<p>R\u00f8rvig By og Land vil gerne invitere landliggere og fastboere til borgerm\u00f8de om udviklingen af R\u00f8rvig Bymidte.&nbsp;<\/p>\n\n\n\n<p>Projektet om at f\u00e5 mere liv i omr\u00e5det omkring den gamle slagterbutik, k\u00f8bmand, cykelforretning og de to torve, der ligger der, startede 21. oktober sidste \u00e5r. Siden da har foreningen haft flere m\u00f8der og arbejdsgrupper med erhvervsliv, borgere og foreninger i R\u00f8rvig for at komme n\u00e6rmere de visioner og ideer, som vil kunne udm\u00f8ntes i bymidten.<\/p>\n\n\n\n<p>Vi vil derfor gerne invitere til et nyt borgerm\u00f8de <br><strong>den 17. november kl. 9.30 \u2013 13.00 p\u00e5 R\u00f8rvig Kursuscenter.<\/strong><\/p>\n\n\n\n<p><strong>Kl. 9.30<\/strong>. Vi m\u00f8des p\u00e5 selve bymidten. Her vil projektet kort pr\u00e6sentere omr\u00e5det og de tanker, der er gjort indtil nu om udviklingen og \u00e6ndringerne af det. Derefter g\u00e5r vi i samlet flok op til R\u00f8rvig Kursuscenter.<\/p>\n\n\n\n<p><strong>Kl<\/strong>.<strong>10.15<\/strong>. Starter borgerm\u00f8det. M\u00f8det afvikles som et arbejdsm\u00f8de omkring nogle temaer, som deltagerne kan dr\u00f8fte i mindre grupper. Indenfor temaerne kommer deltagerne med ideer og konkrete bud p\u00e5, hvad R\u00f8rvig Bymidte skal kunne og hvordan det fysisk ville kunne se ud.<\/p>\n\n\n\n<p><strong>Kl. 12.30<\/strong>. Samles der op p\u00e5 dr\u00f8ftelserne og m\u00f8des rundes af.<\/p>\n\n\n\n<p><strong>Kl<\/strong>.&nbsp;<strong>13.00.&nbsp;<\/strong>Slutter m\u00f8det.<\/p>\n\n\n\n<p>Inden m\u00f8dets afholdelse l\u00e6gger R\u00f8rvig By og Land p\u00e5 facebook og hjemmeside noget materiale, som kort beskriver form\u00e5l og indhold med borgerm\u00f8det.<\/p>\n\n\n\n<p>Borgere og landliggere, der \u00f8nsker at deltage bedes meddele det p\u00e5&nbsp;<strong><a href=\"mailto:rvbl@outlook.dk\" target=\"_blank\" rel=\"noreferrer noopener\">rvbl@outlook.dk<\/a><\/strong>. Dette for at vi kan planl\u00e6gge m\u00f8det bedst muligt.<\/p>\n\n\n\n<p>Med venlig hilsen og p\u00e5 vegne af arbejdsgruppen i R\u00f8rvig By og Land<\/p>\n\n\n\n<p>Anders Kl\u00fcver Rasmussen<\/p>\n\n\n\n<p>Bestyrelsesmedlem<\/p>\n","protected":false},"excerpt":{"rendered":"<p>S\u00f8ndag 17. november kl. 9.30 \u2013 13.00 R\u00f8rvig By og Land vil gerne invitere landliggere og fastboere til borgerm\u00f8de om udviklingen af R\u00f8rvig Bymidte.&nbsp; Projektet om at f\u00e5 mere liv i omr\u00e5det omkring den gamle slagterbutik, k\u00f8bmand, cykelforretning og de to torve, der ligger der, startede 21. oktober sidste \u00e5r. Siden da har foreningen haft &hellip; <a href=\"https:\/\/rvbl.dk\/?p=4280\" class=\"more-link\">L\u00e6s videre <span class=\"screen-reader-text\">Borgerm\u00f8de om R\u00f8rvig Bymidte<\/span> <span class=\"meta-nav\">&rarr;<\/span><\/a><\/p>\n","protected":false},"author":1,"featured_media":0,"comment_status":"closed","ping_status":"","sticky":false,"template":"","format":"standard","meta":{"footnotes":""},"categories":[19],"tags":[],"class_list":["post-4280","post","type-post","status-publish","format-standard","hentry","category-oevrige"],"_links":{"self":[{"href":"https:\/\/rvbl.dk\/index.php?rest_route=\/wp\/v2\/posts\/4280","targetHints":{"allow":["GET"]}}],"collection":[{"href":"https:\/\/rvbl.dk\/index.php?rest_route=\/wp\/v2\/posts"}],"about":[{"href":"https:\/\/rvbl.dk\/index.php?rest_route=\/wp\/v2\/types\/post"}],"author":[{"embeddable":true,"href":"https:\/\/rvbl.dk\/index.php?rest_route=\/wp\/v2\/users\/1"}],"replies":[{"embeddable":true,"href":"https:\/\/rvbl.dk\/index.php?rest_route=%2Fwp%2Fv2%2Fcomments&post=4280"}],"version-history":[{"count":1,"href":"https:\/\/rvbl.dk\/index.php?rest_route=\/wp\/v2\/posts\/4280\/revisions"}],"predecessor-version":[{"id":4281,"href":"https:\/\/rvbl.dk\/index.php?rest_route=\/wp\/v2\/posts\/4280\/revisions\/4281"}],"wp:attachment":[{"href":"https:\/\/rvbl.dk\/index.php?rest_route=%2Fwp%2Fv2%2Fmedia&parent=4280"}],"wp:term":[{"taxonomy":"category","embeddable":true,"href":"https:\/\/rvbl.dk\/index.php?rest_route=%2Fwp%2Fv2%2Fcategories&post=4280"},{"taxonomy":"post_tag","embeddable":true,"href":"https:\/\/rvbl.dk\/index.php?rest_route=%2Fwp%2Fv2%2Ftags&post=4280"}],"curies":[{"name":"wp","href":"https:\/\/api.w.org\/{rel}","templated":true}]}}